{"id":562,"date":"2016-01-30T19:32:19","date_gmt":"2016-01-30T19:32:19","guid":{"rendered":"http:\/\/www.cultureelcafedalfsen.nl\/?p=562"},"modified":"2016-01-30T19:32:19","modified_gmt":"2016-01-30T19:32:19","slug":"interview-over-meesters-gezellen-op-radio-4","status":"publish","type":"post","link":"https:\/\/www.cultureelcafedalfsen.nl\/index.php\/2016\/01\/30\/interview-over-meesters-gezellen-op-radio-4\/","title":{"rendered":"Interview over Meesters &#038; Gezellen op Radio 4"},"content":{"rendered":"<p>Vrijdag 29 januari is Geert Bergs door Dieuwertje Blok in het radioprogramma &#8220;Podium&#8221; ge\u00efnterviewd over het het project Meester en Gezellen.<br \/>\nDaar is ook door een aantal zangers uit het koor een tweetal liederen ten gehore gebracht, \u00e9\u00e9n Arvo P\u00e4rt en van \u00e9\u00e9n van Thomas Weelkes.<br \/>\nAls op op <a href=\"http:\/\/www.radio4.nl\/podium\/uitzending\/373257\/podium\" target=\"_blank\">deze link<\/a> klikt kunt u het programma beluisteren.<\/p>\n<p>Klik in het scherm dat zich dan opent op &#8220;Luister terug&#8221; (iets onder het midden). U start daarmee de herhaling van het programma. Door bovenin het scherm het blauwe knopje iets voorbij het midden te slepen (op 1 uur 7) hoeft u niet de hele herhaling te beluisteren, maar komt u bij het begin van het interview (na de verkeersinformatie).<\/p>\n","protected":false},"excerpt":{"rendered":"<p>Vrijdag 29 januari is Geert Bergs door Dieuwertje Blok in het radioprogramma &#8220;Podium&#8221; ge\u00efnterviewd over het het project Meester en Gezellen. Daar is ook door een aantal zangers uit het koor een tweetal liederen ten gehore gebracht, \u00e9\u00e9n Arvo P\u00e4rt en van \u00e9\u00e9n van Thomas Weelkes. Als op op deze link klikt kunt u het &hellip; <a href=\"https:\/\/www.cultureelcafedalfsen.nl\/index.php\/2016\/01\/30\/interview-over-meesters-gezellen-op-radio-4\/\" class=\"more-link\">Lees verder <span class=\"screen-reader-text\">Interview over Meesters &#038; Gezellen op Radio 4<\/span> <span class=\"meta-nav\">&rarr;<\/span><\/a><\/p>\n","protected":false},"author":1,"featured_media":0,"comment_status":"open","ping_status":"closed","sticky":false,"template":"","format":"standard","meta":{"_monsterinsights_skip_tracking":false,"_monsterinsights_sitenote_active":false,"_monsterinsights_sitenote_note":"","_monsterinsights_sitenote_category":0,"footnotes":"","_wp_rev_ctl_limit":""},"categories":[1],"tags":[],"class_list":["post-562","post","type-post","status-publish","format-standard","hentry","category-uncategorized"],"_links":{"self":[{"href":"https:\/\/www.cultureelcafedalfsen.nl\/index.php\/wp-json\/wp\/v2\/posts\/562","targetHints":{"allow":["GET"]}}],"collection":[{"href":"https:\/\/www.cultureelcafedalfsen.nl\/index.php\/wp-json\/wp\/v2\/posts"}],"about":[{"href":"https:\/\/www.cultureelcafedalfsen.nl\/index.php\/wp-json\/wp\/v2\/types\/post"}],"author":[{"embeddable":true,"href":"https:\/\/www.cultureelcafedalfsen.nl\/index.php\/wp-json\/wp\/v2\/users\/1"}],"replies":[{"embeddable":true,"href":"https:\/\/www.cultureelcafedalfsen.nl\/index.php\/wp-json\/wp\/v2\/comments?post=562"}],"version-history":[{"count":0,"href":"https:\/\/www.cultureelcafedalfsen.nl\/index.php\/wp-json\/wp\/v2\/posts\/562\/revisions"}],"wp:attachment":[{"href":"https:\/\/www.cultureelcafedalfsen.nl\/index.php\/wp-json\/wp\/v2\/media?parent=562"}],"wp:term":[{"taxonomy":"category","embeddable":true,"href":"https:\/\/www.cultureelcafedalfsen.nl\/index.php\/wp-json\/wp\/v2\/categories?post=562"},{"taxonomy":"post_tag","embeddable":true,"href":"https:\/\/www.cultureelcafedalfsen.nl\/index.php\/wp-json\/wp\/v2\/tags?post=562"}],"curies":[{"name":"wp","href":"https:\/\/api.w.org\/{rel}","templated":true}]}}